{"id":4604,"date":"2025-12-04T14:34:29","date_gmt":"2025-12-04T22:34:29","guid":{"rendered":"https:\/\/ihntogether.org\/?p=4604"},"modified":"2026-03-10T14:08:16","modified_gmt":"2026-03-10T21:08:16","slug":"que-sigue-para-el-modelo-de-atencion-coordinada-de-oregon","status":"publish","type":"post","link":"https:\/\/ihntogether.org\/es\/news\/whats-next-for-oregons-coordinated-care-model\/","title":{"rendered":"\u00bfQu\u00e9 sigue para el modelo de atenci\u00f3n coordinada de Oregon?"},"content":{"rendered":"<article class=\"article\">\n\t<header class=\"header\">\n\t\t<span class=\"type\"><\/span>\t\t<h1>\u00bfQu\u00e9 sigue para el modelo de atenci\u00f3n coordinada de Oregon?<\/h1>\t\t<time>4 de diciembre de 2025<\/time>\n\t<\/header>\n\t<div id=\"block_f3e4e549de76563138c094fe4d72b41a\" class=\"shs-block block-news-article entry-content\">\n\t\t<div>\n\t\t\t\t\t\t<div class=\"acf-innerblocks-container\">\n\n<p>Cuando Oregon transform\u00f3 su programa de Medicaid en 2012 al adoptar <a href=\"https:\/\/www.oregon.gov\/oha\/hsd\/ohp\/pages\/coordinated-care-organizations.aspx\" target=\"_blank\" rel=\"noreferrer noopener\">Organizaciones de atenci\u00f3n coordinada (CCO)<\/a> A nivel estatal, la idea era simple.<em>:control local para comunidades locales.<\/em><\/p>\n\n\n\n<p>La IHN-CCO es una de estas organizaciones dedicadas a hacer que la atenci\u00f3n m\u00e9dica sea m\u00e1s asequible, de m\u00e1s f\u00e1cil acceso y m\u00e1s responsable para las personas a las que servimos. Dado que cada regi\u00f3n tiene necesidades diferentes, las CCO pueden tomar decisiones que mejor se adapten a sus miembros, con la colaboraci\u00f3n de hospitales, cl\u00ednicas y otros socios comunitarios locales.<\/p>\n\n\n\n<p>L\u00edderes de todo el estado se reunieron recientemente en <a href=\"https:\/\/stateofreform.com\/conference\/2025-oregon-state-of-reform-health-policy-conference\/\" target=\"_blank\" rel=\"noreferrer noopener\">Conferencia sobre el Estado de la Reforma 2025 Oregon<\/a> Para hablar sobre el futuro de este sistema. Ante la previsi\u00f3n de importantes recortes a Medicaid federal, analizaron los desaf\u00edos futuros y c\u00f3mo Oregon puede mantener la solidez de su modelo de atenci\u00f3n coordinada.<\/p>\n\n\n\n<h2 class=\"wp-block-heading\">Un sistema bajo presi\u00f3n<\/h2>\n\n\n\n<p>El representante Travis Nelson (dem\u00f3crata de Portland), enfermero registrado y vicepresidente del <a href=\"https:\/\/olis.oregonlegislature.gov\/liz\/2025I1\/Committees\/HHC\/Overview#Membership\" target=\"_blank\" rel=\"noreferrer noopener\">Comit\u00e9 Provisional de Atenci\u00f3n Sanitaria de la C\u00e1mara de Representantes<\/a>, afirm\u00f3 que Oregon enfrenta serios desaf\u00edos financieros en los pr\u00f3ximos a\u00f1os. Sin embargo, Nelson afirm\u00f3 que el principal objetivo del gobierno deber\u00eda ser garantizar la seguridad y la salud de sus ciudadanos.<\/p>\n\n\n\n<p>\u201cCuando queremos gastar dinero en cosas como naci\u00f3n, encontramos el dinero para ello\u201d, dijo. \u201cNecesitamos encontrar dinero para la gente. Tenemos que priorizar a la gente, ya sea el gobierno federal o el estatal\u201d.\u201d<\/p>\n\n\n\n<p>El representante Ed Diehl (republicano por Stayton), quien tambi\u00e9n es vicepresidente del Comit\u00e9 de Salud de la C\u00e1mara de Representantes, afirm\u00f3 que el Plan de Salud Oregon (OHP) ya ten\u00eda dificultades antes de que el Congreso aprobara la HR 1 a principios de este a\u00f1o. Ese proyecto de ley podr\u00eda costarle a la Autoridad de Salud Oregon hasta 11.700 millones de d\u00f3lares para 2031., <a href=\"https:\/\/www.oregon.gov\/das\/Financial\/Documents\/Federal-Impact-HR1-Initial-Analysis.pdf\" target=\"_blank\" rel=\"noreferrer noopener\">seg\u00fan estimaciones<\/a>, y hasta 200.000 personas podr\u00edan perder su cobertura debido a los nuevos requisitos laborales para permanecer inscritos.<\/p>\n\n\n\n<p>Diehl afirm\u00f3 que los legisladores deben encontrar maneras de ajustar el tama\u00f1o de Medicaid en el futuro, lo que podr\u00eda incluir recortar los costos para los proveedores o analizar con mayor detalle qu\u00e9 servicios puede cubrir el estado. Dada la situaci\u00f3n econ\u00f3mica, Diehl afirm\u00f3 que no est\u00e1 dispuesto a considerar aumentar los ingresos ni reducir las tasas de reembolso como soluci\u00f3n.<\/p>\n\n\n\n<h2 class=\"wp-block-heading\">Decisiones presupuestarias y otras cuestiones clave<\/h2>\n\n\n\n<p>Andi Easton, directora de relaciones gubernamentales de IHN-CCO, afirm\u00f3 que los legisladores de Oregon enfrentan d\u00e9ficits presupuestarios. En cuanto a la financiaci\u00f3n de Medicaid, solo tienen tres palancas que pueden ajustar:<\/p>\n\n\n\n<ol start=\"1\" class=\"wp-block-list\">\n<li>Lo que pagan a los proveedores por la prestaci\u00f3n de atenci\u00f3n.<\/li>\n\n\n\n<li>\u00bfQu\u00e9 beneficios est\u00e1n cubiertos?.<\/li>\n\n\n\n<li>\u00bfQui\u00e9n est\u00e1 cubierto?.<\/li>\n<\/ol>\n\n\n\n<p>La forma en que el estado financiar\u00e1 Medicaid se complica con la aprobaci\u00f3n de la HR 1 y ahora representa el mayor desaf\u00edo en el horizonte, afirm\u00f3 Easton. A\u00f1adi\u00f3 que mantener el control local sigue siendo esencial para el \u00e9xito de las CCO.<\/p>\n\n\n\n<p>Easton destac\u00f3 dos prioridades adicionales:<\/p>\n\n\n\n<ul class=\"wp-block-list\">\n<li>Preservando la <a href=\"https:\/\/www.oregon.gov\/oha\/hsd\/ohp\/pages\/prioritized-list.aspx\" target=\"_blank\" rel=\"noreferrer noopener\">Listado priorizado de servicios de salud<\/a>.<\/li>\n\n\n\n<li>Mantener la financiaci\u00f3n en el marco del <a href=\"https:\/\/www.oregon.gov\/oha\/hpa\/analytics\/pages\/cco-metrics.aspx\" target=\"_blank\" rel=\"noreferrer noopener\">Programa de incentivos a la calidad<\/a>.<\/li>\n<\/ul>\n\n\n\n<p>La Lista Priorizada ayuda a Oregon a decidir qu\u00e9 tratamientos est\u00e1n cubiertos seg\u00fan la evidencia m\u00e9dica y la rentabilidad. El control local tambi\u00e9n permite a las CCO optimizar un presupuesto limitado al negociar con los proveedores locales.<\/p>\n\n\n\n<p>La Autoridad Sanitaria Oregon ha indicado que eliminar\u00e1 gradualmente la lista a partir de 2027. Easton advirti\u00f3 que eliminarla trasladar\u00e1 decisiones dif\u00edciles a los legisladores. &quot;Los coloca en una posici\u00f3n de mayor responsabilidad, en la que quiz\u00e1 no quieran estar&quot;, afirm\u00f3.<\/p>\n\n\n\n<p>El Programa de Incentivos de Calidad, por su parte, es una herramienta importante que proporciona pagos adicionales para incentivar el cumplimiento de ciertas m\u00e9tricas de salud, afirm\u00f3 Easton. Tambi\u00e9n ayuda a retener a los proveedores, especialmente en comunidades marginadas.<\/p>\n\n\n\n<h2 class=\"wp-block-heading\">El camino por delante<\/h2>\n\n\n\n<p>El modelo CCO de Oregon ha ayudado a millones de residentes a acceder a la atenci\u00f3n m\u00e9dica durante la \u00faltima d\u00e9cada. Sin embargo, ante los importantes recortes federales que se avecinan y los debates sobre c\u00f3mo gestionar los costos, los legisladores y los l\u00edderes del sector salud se preparan para cambios significativos.<\/p>\n\n\n\n<p>Aun as\u00ed, los asistentes a la conferencia dijeron que su objetivo sigue siendo encontrar formas de proteger el acceso a la atenci\u00f3n y mantener el enfoque impulsado por la comunidad que ha definido el sistema de Oregon desde el principio.<\/p>\n\n\n\n<p>Paul Phillips, presidente de Pac\/West Communications y defensor de los CCO, advirti\u00f3 a los l\u00edderes que no se dejaran llevar por el p\u00e1nico. En cambio, los anim\u00f3 a considerar las recientes medidas federales como una oportunidad para derribar las barreras del sistema.<\/p>\n\n\n\n<p>El hecho de que las CCO comunitarias tomen decisiones locales proporciona mejores resultados en materia de salud y flexibilidad para hacer lo que sea mejor para el largo plazo del Oregon, afirm\u00f3 Phillips.<\/p>\n\n\n\n<p>\u201cLos Oregonians deber\u00edan estar muy orgullosos de lo que hemos logrado al transformar el sistema de salud\u201d, dijo. \u201cJuntos, podemos seguir teniendo \u00e9xito\u201d.\u201d<\/p>\n\n<\/div>\n\t\t<\/div>\n\t\t<aside>\n\t\t\t\t\t\t\t\t\t<figure><img loading=\"lazy\" decoding=\"async\" width=\"360\" height=\"300\" src=\"https:\/\/ihntogether.org\/wp-content\/uploads\/sites\/4\/Reps-Diehl-Patterson-Nelson-at-meeting-CO.jpg\" class=\"attachment-cta size-cta wp-post-image\" alt=\"Tres de los representantes estatales de Oregon en una reuni\u00f3n sobre atenci\u00f3n m\u00e9dica.\" srcset=\"https:\/\/ihntogether.org\/wp-content\/uploads\/sites\/4\/Reps-Diehl-Patterson-Nelson-at-meeting-CO.jpg 360w, https:\/\/ihntogether.org\/wp-content\/uploads\/sites\/4\/Reps-Diehl-Patterson-Nelson-at-meeting-CO-300x250.jpg 300w, https:\/\/ihntogether.org\/wp-content\/uploads\/sites\/4\/Reps-Diehl-Patterson-Nelson-at-meeting-CO-14x12.jpg 14w, https:\/\/ihntogether.org\/wp-content\/uploads\/sites\/4\/Reps-Diehl-Patterson-Nelson-at-meeting-CO-120x100.jpg 120w\" sizes=\"auto, (max-width: 360px) 100vw, 360px\" \/><figcaption>El representante estatal Travis Nelson (D-Portland) habla con su compa\u00f1ero panelista, el representante Ed Diehl (R-Stayton) a la izquierda, y la senadora Deb Patterson (D-Salem) en el centro, en la Conferencia sobre el Estado de la Reforma Oregon. <\/figcaption><\/figure><figure><img loading=\"lazy\" decoding=\"async\" width=\"360\" height=\"300\" src=\"https:\/\/ihntogether.org\/wp-content\/uploads\/sites\/4\/Phillips-and-Hunter-at-meeting-CO.jpg\" class=\"attachment-cta size-cta\" alt=\"Dos actores locales interesados en la atenci\u00f3n sanitaria de Oregon hablan en una reuni\u00f3n sobre atenci\u00f3n sanitaria.\" \/><figcaption>Paul Phillips (izquierda), presidente de Pac\/West Communications, y Eric Hunter, presidente y director ejecutivo de CareOregon, analizan las lecciones del modelo CCO de Oregon durante la Conferencia sobre el estado de la reforma de Oregon de 2025. <\/figcaption><\/figure>\t\t<\/aside>\n\t<\/div>\n<\/article>","protected":false},"excerpt":{"rendered":"<p>L\u00edderes de todo el estado se reunieron recientemente en la Conferencia sobre el Estado de la Reforma 2025 Oregon para hablar sobre el futuro del Modelo de Atenci\u00f3n Coordinada de Oregon para brindar atenci\u00f3n m\u00e9dica a los beneficiarios de Medicaid en Oregon.<\/p>","protected":false},"author":11,"featured_media":4608,"comment_status":"closed","ping_status":"open","sticky":false,"template":"","format":"standard","meta":{"_acf_changed":false,"_searchwp_excluded":"","_shs_workflow_notes":"","_shs_exclude_from_navigation":false,"_shs_promote_article_on_blogs":"","footnotes":""},"categories":[1],"tags":[],"news-topics":[87],"news-types":[82],"services":[],"specialty":[],"class_list":["post-4604","post","type-post","status-publish","format-standard","has-post-thumbnail","hentry","category-uncategorized","news-topics-community","news-types-news"],"acf":[],"_links":{"self":[{"href":"https:\/\/ihntogether.org\/es\/wp-json\/wp\/v2\/posts\/4604","targetHints":{"allow":["GET"]}}],"collection":[{"href":"https:\/\/ihntogether.org\/es\/wp-json\/wp\/v2\/posts"}],"about":[{"href":"https:\/\/ihntogether.org\/es\/wp-json\/wp\/v2\/types\/post"}],"author":[{"embeddable":true,"href":"https:\/\/ihntogether.org\/es\/wp-json\/wp\/v2\/users\/11"}],"replies":[{"embeddable":true,"href":"https:\/\/ihntogether.org\/es\/wp-json\/wp\/v2\/comments?post=4604"}],"version-history":[{"count":1,"href":"https:\/\/ihntogether.org\/es\/wp-json\/wp\/v2\/posts\/4604\/revisions"}],"predecessor-version":[{"id":4908,"href":"https:\/\/ihntogether.org\/es\/wp-json\/wp\/v2\/posts\/4604\/revisions\/4908"}],"wp:featuredmedia":[{"embeddable":true,"href":"https:\/\/ihntogether.org\/es\/wp-json\/wp\/v2\/media\/4608"}],"wp:attachment":[{"href":"https:\/\/ihntogether.org\/es\/wp-json\/wp\/v2\/media?parent=4604"}],"wp:term":[{"taxonomy":"category","embeddable":true,"href":"https:\/\/ihntogether.org\/es\/wp-json\/wp\/v2\/categories?post=4604"},{"taxonomy":"post_tag","embeddable":true,"href":"https:\/\/ihntogether.org\/es\/wp-json\/wp\/v2\/tags?post=4604"},{"taxonomy":"news-topics","embeddable":true,"href":"https:\/\/ihntogether.org\/es\/wp-json\/wp\/v2\/news-topics?post=4604"},{"taxonomy":"news-types","embeddable":true,"href":"https:\/\/ihntogether.org\/es\/wp-json\/wp\/v2\/news-types?post=4604"},{"taxonomy":"services","embeddable":true,"href":"https:\/\/ihntogether.org\/es\/wp-json\/wp\/v2\/services?post=4604"},{"taxonomy":"specialty","embeddable":true,"href":"https:\/\/ihntogether.org\/es\/wp-json\/wp\/v2\/specialty?post=4604"}],"curies":[{"name":"Gracias","href":"https:\/\/api.w.org\/{rel}","templated":true}]}}